{"id":60648,"date":"2021-10-21T10:52:23","date_gmt":"2021-10-21T08:52:23","guid":{"rendered":"https:\/\/deananddavid.com\/?p=60648"},"modified":"2021-10-21T19:27:14","modified_gmt":"2021-10-21T17:27:14","slug":"eroffnung-deandavid-st-gallen","status":"publish","type":"post","link":"https:\/\/deananddavid.com\/ch-de\/eroffnung-deandavid-st-gallen\/","title":{"rendered":"Er\u00f6ffnung dean&#038;david St. Gallen"},"content":{"rendered":"<div class=\"wpb-content-wrapper\"><p>[vc_row][vc_column][vc_column_text]<\/p>\n<h3>dean&amp;david kommt nach St. Gallen<\/h3>\n<p><strong>Seit Anfang November sind wir mit einem neuen Standort in St. Gallen vertreten. Unsere neue Filiale befindet sich an zentraler Lage im Neumarkt und ist der neunte Standort in der Schweiz. Gef\u00fchrt wird die Filiale von Tino Munkelt aus Teufen.<\/strong>[\/vc_column_text][vc_single_image image=&#187;60974&#8243; img_size=&#187;full&#187;][vc_column_text]Im Neumarkt 1 gibt es ab sofort einen neuen Hotspot f\u00fcr schnelle, gesunde und unkomplizierte K\u00fcche. Unsere G\u00e4ste k\u00f6nnen ihr Essen mitnehmen oder direkt im Restaurant geniessen. Der neue Standort bietet Platz f\u00fcr \u00fcber 80 G\u00e4ste und befindet sich direkt neben dem Eingang des Neumarkt 1 am Vadianplatz unweit vom Bahnhof.<\/p>\n<p>Wir hatten St. Gallen schon seit Beginn im Sichtfeld. Die Suche nach einem zentralen Standort hat nun mit dem Fund der Filiale im Neumarkt seine Fr\u00fcchte getragen. Kunden k\u00f6nnen am neuen Standort am Neumarkt nun w\u00e4hlen, ob sie unsere Men\u00fcs zum Mitnehmen bevorzugen oder sie direkt im Restaurant geniessen m\u00f6chten. Das Ambiente im dean&amp;david St. Gallen pr\u00e4sentiert sich nun \u00e4hnlich wie seine Schwester-Locations von Bern bis Basel: Reduziertes, helles Interieur, hochwertige Materialien, skandinavische Designer-M\u00f6bel und urbane Coolness verleihen dem neuen Lokal seine feinf\u00fchlig designte kosmopolitische Atmosph\u00e4re.[\/vc_column_text][vc_column_text]<strong>Schnell, gesund und nachhaltig<\/strong><br \/>\nDie Zutaten kommen von ausgesuchten und meist regionalen Lieferanten. Bei uns wird frisch, fettarm und vitaminschonend gekocht \u2013 so bleiben die gesunden Inhaltsstoffe erhalten. Innerhalb k\u00fcrzester Zeit bekommen sie im dean&amp;david ein wunderbar unkompliziertes Essen mit h\u00f6chstem Genussfaktor\u00bb, so Tino Munkelt. Hier gehts zum <a href=\"\/speisen-und-getraenke\/\">Menu<\/a>.[\/vc_column_text][vc_images_carousel images=&#187;60904,60959,60929,60974,60934&#8243; img_size=&#187;full&#187;][\/vc_column][\/vc_row][vc_row][vc_column width=&#187;1\/2&#8243;][vc_column_text]<strong>\u00d6FFNUNGSZEITEN<\/strong><\/p>\n<p>Mo-Mi, Fr\u00a0 \u00a0 \u00a0 07:30 \u2013 20:00 Uhr<br \/>\nDo\u00a0 \u00a0 \u00a0 \u00a0 \u00a0 \u00a0 \u00a0 \u00a0 \u00a007:30 \u2013 21.00 Uhr<br \/>\nSa\u00a0 \u00a0 \u00a0 \u00a0 \u00a0 \u00a0 \u00a0 \u00a0 \u00a009:00 \u2013 17:00 Uhr[\/vc_column_text][\/vc_column][vc_column width=&#187;1\/2&#8243;][vc_column_text]<strong>KONTAKT<\/strong><\/p>\n<p>Neumarkt 1, 1. OG<br \/>\n9000 St. Gallen<br \/>\n071 571 08 00<br \/>\nsg.neumarkt@deananddavid.ch[\/vc_column_text][\/vc_column][\/vc_row]<\/p>\n<\/div>","protected":false},"excerpt":{"rendered":"<p>[vc_row][vc_column][vc_column_text] dean&amp;david kommt nach St. Gallen Seit Anfang November sind wir mit einem neuen Standort in St. Gallen vertreten. Unsere neue Filiale befindet sich an zentraler Lage im Neumarkt und ist der neunte Standort in der Schweiz. Gef\u00fchrt wird die Filiale von Tino Munkelt aus Teufen.[\/vc_column_text][vc_single_image image=&#187;60974&#8243; img_size=&#187;full&#187;][vc_column_text]Im Neumarkt 1 gibt es ab sofort einen [&hellip;]<\/p>\n","protected":false},"author":24785,"featured_media":60979,"comment_status":"closed","ping_status":"closed","sticky":false,"template":"","format":"standard","meta":{"_acf_changed":false,"rs_blank_template":"","rs_page_bg_color":"","slide_template_v7":"","footnotes":""},"categories":[182],"tags":[],"class_list":["post-60648","post","type-post","status-publish","format-standard","has-post-thumbnail","hentry","category-news"],"acf":[],"yoast_head":"<!-- This site is optimized with the Yoast SEO plugin v27.4 - https:\/\/yoast.com\/product\/yoast-seo-wordpress\/ -->\n<title>Er\u00f6ffnung dean&amp;david St. Gallen - dean&amp;david<\/title>\n<meta name=\"robots\" content=\"index, follow, max-snippet:-1, max-image-preview:large, max-video-preview:-1\" \/>\n<link rel=\"canonical\" href=\"https:\/\/deananddavid.com\/ch-de\/eroffnung-deandavid-st-gallen\/\" \/>\n<meta property=\"og:locale\" content=\"de_DE\" \/>\n<meta property=\"og:type\" content=\"article\" \/>\n<meta property=\"og:title\" content=\"Er\u00f6ffnung dean&amp;david St. Gallen - dean&amp;david\" \/>\n<meta property=\"og:description\" content=\"[vc_row][vc_column][vc_column_text] dean&amp;david kommt nach St. Gallen Seit Anfang November sind wir mit einem neuen Standort in St. Gallen vertreten. Unsere neue Filiale befindet sich an zentraler Lage im Neumarkt und ist der neunte Standort in der Schweiz. Gef\u00fchrt wird die Filiale von Tino Munkelt aus Teufen.[\/vc_column_text][vc_single_image image=&#187;60974&#8243; img_size=&#187;full&#187;][vc_column_text]Im Neumarkt 1 gibt es ab sofort einen [&hellip;]\" \/>\n<meta property=\"og:url\" content=\"https:\/\/deananddavid.com\/ch-de\/eroffnung-deandavid-st-gallen\/\" \/>\n<meta property=\"og:site_name\" content=\"dean&amp;david\" \/>\n<meta property=\"article:publisher\" content=\"https:\/\/www.facebook.com\/deananddavid07\" \/>\n<meta property=\"article:published_time\" content=\"2021-10-21T08:52:23+00:00\" \/>\n<meta property=\"article:modified_time\" content=\"2021-10-21T17:27:14+00:00\" \/>\n<meta property=\"og:image\" content=\"https:\/\/deananddavid.com\/wp-content\/uploads\/2021\/10\/dean-david-St.-Gallen-51-scaled.jpg\" \/>\n\t<meta property=\"og:image:width\" content=\"2560\" \/>\n\t<meta property=\"og:image:height\" content=\"1709\" \/>\n\t<meta property=\"og:image:type\" content=\"image\/jpeg\" \/>\n<meta name=\"author\" content=\"viazenetti\" \/>\n<meta name=\"twitter:card\" content=\"summary_large_image\" \/>\n<meta name=\"twitter:label1\" content=\"Geschrieben von\" \/>\n\t<meta name=\"twitter:data1\" content=\"viazenetti\" \/>\n\t<meta name=\"twitter:label2\" content=\"Gesch\u00e4tzte Lesezeit\" \/>\n\t<meta name=\"twitter:data2\" content=\"2\u00a0Minuten\" \/>\n<script type=\"application\/ld+json\" class=\"yoast-schema-graph\">{\"@context\":\"https:\\\/\\\/schema.org\",\"@graph\":[{\"@type\":\"Article\",\"@id\":\"https:\\\/\\\/deananddavid.com\\\/ch-de\\\/eroffnung-deandavid-st-gallen\\\/#article\",\"isPartOf\":{\"@id\":\"https:\\\/\\\/deananddavid.com\\\/ch-de\\\/eroffnung-deandavid-st-gallen\\\/\"},\"author\":{\"name\":\"viazenetti\",\"@id\":\"https:\\\/\\\/deananddavid.com\\\/ch-de\\\/#\\\/schema\\\/person\\\/7159f2f65b88b1c35e40896144cef7ef\"},\"headline\":\"Er\u00f6ffnung dean&#038;david St. Gallen\",\"datePublished\":\"2021-10-21T08:52:23+00:00\",\"dateModified\":\"2021-10-21T17:27:14+00:00\",\"mainEntityOfPage\":{\"@id\":\"https:\\\/\\\/deananddavid.com\\\/ch-de\\\/eroffnung-deandavid-st-gallen\\\/\"},\"wordCount\":340,\"publisher\":{\"@id\":\"https:\\\/\\\/deananddavid.com\\\/ch-de\\\/#organization\"},\"image\":{\"@id\":\"https:\\\/\\\/deananddavid.com\\\/ch-de\\\/eroffnung-deandavid-st-gallen\\\/#primaryimage\"},\"thumbnailUrl\":\"https:\\\/\\\/deananddavid.com\\\/wp-content\\\/uploads\\\/2021\\\/10\\\/dean-david-St.-Gallen-51-scaled.jpg\",\"articleSection\":[\"News\"],\"inLanguage\":\"de-CH\"},{\"@type\":\"WebPage\",\"@id\":\"https:\\\/\\\/deananddavid.com\\\/ch-de\\\/eroffnung-deandavid-st-gallen\\\/\",\"url\":\"https:\\\/\\\/deananddavid.com\\\/ch-de\\\/eroffnung-deandavid-st-gallen\\\/\",\"name\":\"Er\u00f6ffnung dean&david St. Gallen - dean&amp;david\",\"isPartOf\":{\"@id\":\"https:\\\/\\\/deananddavid.com\\\/ch-de\\\/#website\"},\"primaryImageOfPage\":{\"@id\":\"https:\\\/\\\/deananddavid.com\\\/ch-de\\\/eroffnung-deandavid-st-gallen\\\/#primaryimage\"},\"image\":{\"@id\":\"https:\\\/\\\/deananddavid.com\\\/ch-de\\\/eroffnung-deandavid-st-gallen\\\/#primaryimage\"},\"thumbnailUrl\":\"https:\\\/\\\/deananddavid.com\\\/wp-content\\\/uploads\\\/2021\\\/10\\\/dean-david-St.-Gallen-51-scaled.jpg\",\"datePublished\":\"2021-10-21T08:52:23+00:00\",\"dateModified\":\"2021-10-21T17:27:14+00:00\",\"breadcrumb\":{\"@id\":\"https:\\\/\\\/deananddavid.com\\\/ch-de\\\/eroffnung-deandavid-st-gallen\\\/#breadcrumb\"},\"inLanguage\":\"de-CH\",\"potentialAction\":[{\"@type\":\"ReadAction\",\"target\":[\"https:\\\/\\\/deananddavid.com\\\/ch-de\\\/eroffnung-deandavid-st-gallen\\\/\"]}]},{\"@type\":\"ImageObject\",\"inLanguage\":\"de-CH\",\"@id\":\"https:\\\/\\\/deananddavid.com\\\/ch-de\\\/eroffnung-deandavid-st-gallen\\\/#primaryimage\",\"url\":\"https:\\\/\\\/deananddavid.com\\\/wp-content\\\/uploads\\\/2021\\\/10\\\/dean-david-St.-Gallen-51-scaled.jpg\",\"contentUrl\":\"https:\\\/\\\/deananddavid.com\\\/wp-content\\\/uploads\\\/2021\\\/10\\\/dean-david-St.-Gallen-51-scaled.jpg\",\"width\":2560,\"height\":1709},{\"@type\":\"BreadcrumbList\",\"@id\":\"https:\\\/\\\/deananddavid.com\\\/ch-de\\\/eroffnung-deandavid-st-gallen\\\/#breadcrumb\",\"itemListElement\":[{\"@type\":\"ListItem\",\"position\":1,\"name\":\"Startseite\",\"item\":\"https:\\\/\\\/deananddavid.com\\\/ch-de\\\/\"},{\"@type\":\"ListItem\",\"position\":2,\"name\":\"Er\u00f6ffnung dean&#038;david St. Gallen\"}]},{\"@type\":\"WebSite\",\"@id\":\"https:\\\/\\\/deananddavid.com\\\/ch-de\\\/#website\",\"url\":\"https:\\\/\\\/deananddavid.com\\\/ch-de\\\/\",\"name\":\"dean&amp;david\",\"description\":\"CHANGE FOR BETTER.\",\"publisher\":{\"@id\":\"https:\\\/\\\/deananddavid.com\\\/ch-de\\\/#organization\"},\"potentialAction\":[{\"@type\":\"SearchAction\",\"target\":{\"@type\":\"EntryPoint\",\"urlTemplate\":\"https:\\\/\\\/deananddavid.com\\\/ch-de\\\/?s={search_term_string}\"},\"query-input\":{\"@type\":\"PropertyValueSpecification\",\"valueRequired\":true,\"valueName\":\"search_term_string\"}}],\"inLanguage\":\"de-CH\"},{\"@type\":\"Organization\",\"@id\":\"https:\\\/\\\/deananddavid.com\\\/ch-de\\\/#organization\",\"name\":\"dean&david\",\"url\":\"https:\\\/\\\/deananddavid.com\\\/ch-de\\\/\",\"logo\":{\"@type\":\"ImageObject\",\"inLanguage\":\"de-CH\",\"@id\":\"https:\\\/\\\/deananddavid.com\\\/ch-de\\\/#\\\/schema\\\/logo\\\/image\\\/\",\"url\":\"https:\\\/\\\/deananddavid.com\\\/wp-content\\\/uploads\\\/2017\\\/04\\\/deananddavid-superfood.png\",\"contentUrl\":\"https:\\\/\\\/deananddavid.com\\\/wp-content\\\/uploads\\\/2017\\\/04\\\/deananddavid-superfood.png\",\"width\":150,\"height\":50,\"caption\":\"dean&david\"},\"image\":{\"@id\":\"https:\\\/\\\/deananddavid.com\\\/ch-de\\\/#\\\/schema\\\/logo\\\/image\\\/\"},\"sameAs\":[\"https:\\\/\\\/www.facebook.com\\\/deananddavid07\",\"https:\\\/\\\/www.instagram.com\\\/dean_and_david\\\/\"]},{\"@type\":\"Person\",\"@id\":\"https:\\\/\\\/deananddavid.com\\\/ch-de\\\/#\\\/schema\\\/person\\\/7159f2f65b88b1c35e40896144cef7ef\",\"name\":\"viazenetti\",\"image\":{\"@type\":\"ImageObject\",\"inLanguage\":\"de-CH\",\"@id\":\"https:\\\/\\\/secure.gravatar.com\\\/avatar\\\/dc898d378ad3bf692580add531d99079360ae61804241f7188fba0b4ecb45b9f?s=96&d=mm&r=g\",\"url\":\"https:\\\/\\\/secure.gravatar.com\\\/avatar\\\/dc898d378ad3bf692580add531d99079360ae61804241f7188fba0b4ecb45b9f?s=96&d=mm&r=g\",\"contentUrl\":\"https:\\\/\\\/secure.gravatar.com\\\/avatar\\\/dc898d378ad3bf692580add531d99079360ae61804241f7188fba0b4ecb45b9f?s=96&d=mm&r=g\",\"caption\":\"viazenetti\"},\"url\":\"https:\\\/\\\/deananddavid.com\\\/ch-de\\\/author\\\/viazenetti\\\/\"}]}<\/script>\n<!-- \/ Yoast SEO plugin. -->","yoast_head_json":{"title":"Er\u00f6ffnung dean&david St. Gallen - dean&amp;david","robots":{"index":"index","follow":"follow","max-snippet":"max-snippet:-1","max-image-preview":"max-image-preview:large","max-video-preview":"max-video-preview:-1"},"canonical":"https:\/\/deananddavid.com\/ch-de\/eroffnung-deandavid-st-gallen\/","og_locale":"de_DE","og_type":"article","og_title":"Er\u00f6ffnung dean&david St. Gallen - dean&amp;david","og_description":"[vc_row][vc_column][vc_column_text] dean&amp;david kommt nach St. Gallen Seit Anfang November sind wir mit einem neuen Standort in St. Gallen vertreten. Unsere neue Filiale befindet sich an zentraler Lage im Neumarkt und ist der neunte Standort in der Schweiz. Gef\u00fchrt wird die Filiale von Tino Munkelt aus Teufen.[\/vc_column_text][vc_single_image image=&#187;60974&#8243; img_size=&#187;full&#187;][vc_column_text]Im Neumarkt 1 gibt es ab sofort einen [&hellip;]","og_url":"https:\/\/deananddavid.com\/ch-de\/eroffnung-deandavid-st-gallen\/","og_site_name":"dean&amp;david","article_publisher":"https:\/\/www.facebook.com\/deananddavid07","article_published_time":"2021-10-21T08:52:23+00:00","article_modified_time":"2021-10-21T17:27:14+00:00","og_image":[{"width":2560,"height":1709,"url":"https:\/\/deananddavid.com\/wp-content\/uploads\/2021\/10\/dean-david-St.-Gallen-51-scaled.jpg","type":"image\/jpeg"}],"author":"viazenetti","twitter_card":"summary_large_image","twitter_misc":{"Geschrieben von":"viazenetti","Gesch\u00e4tzte Lesezeit":"2\u00a0Minuten"},"schema":{"@context":"https:\/\/schema.org","@graph":[{"@type":"Article","@id":"https:\/\/deananddavid.com\/ch-de\/eroffnung-deandavid-st-gallen\/#article","isPartOf":{"@id":"https:\/\/deananddavid.com\/ch-de\/eroffnung-deandavid-st-gallen\/"},"author":{"name":"viazenetti","@id":"https:\/\/deananddavid.com\/ch-de\/#\/schema\/person\/7159f2f65b88b1c35e40896144cef7ef"},"headline":"Er\u00f6ffnung dean&#038;david St. Gallen","datePublished":"2021-10-21T08:52:23+00:00","dateModified":"2021-10-21T17:27:14+00:00","mainEntityOfPage":{"@id":"https:\/\/deananddavid.com\/ch-de\/eroffnung-deandavid-st-gallen\/"},"wordCount":340,"publisher":{"@id":"https:\/\/deananddavid.com\/ch-de\/#organization"},"image":{"@id":"https:\/\/deananddavid.com\/ch-de\/eroffnung-deandavid-st-gallen\/#primaryimage"},"thumbnailUrl":"https:\/\/deananddavid.com\/wp-content\/uploads\/2021\/10\/dean-david-St.-Gallen-51-scaled.jpg","articleSection":["News"],"inLanguage":"de-CH"},{"@type":"WebPage","@id":"https:\/\/deananddavid.com\/ch-de\/eroffnung-deandavid-st-gallen\/","url":"https:\/\/deananddavid.com\/ch-de\/eroffnung-deandavid-st-gallen\/","name":"Er\u00f6ffnung dean&david St. Gallen - dean&amp;david","isPartOf":{"@id":"https:\/\/deananddavid.com\/ch-de\/#website"},"primaryImageOfPage":{"@id":"https:\/\/deananddavid.com\/ch-de\/eroffnung-deandavid-st-gallen\/#primaryimage"},"image":{"@id":"https:\/\/deananddavid.com\/ch-de\/eroffnung-deandavid-st-gallen\/#primaryimage"},"thumbnailUrl":"https:\/\/deananddavid.com\/wp-content\/uploads\/2021\/10\/dean-david-St.-Gallen-51-scaled.jpg","datePublished":"2021-10-21T08:52:23+00:00","dateModified":"2021-10-21T17:27:14+00:00","breadcrumb":{"@id":"https:\/\/deananddavid.com\/ch-de\/eroffnung-deandavid-st-gallen\/#breadcrumb"},"inLanguage":"de-CH","potentialAction":[{"@type":"ReadAction","target":["https:\/\/deananddavid.com\/ch-de\/eroffnung-deandavid-st-gallen\/"]}]},{"@type":"ImageObject","inLanguage":"de-CH","@id":"https:\/\/deananddavid.com\/ch-de\/eroffnung-deandavid-st-gallen\/#primaryimage","url":"https:\/\/deananddavid.com\/wp-content\/uploads\/2021\/10\/dean-david-St.-Gallen-51-scaled.jpg","contentUrl":"https:\/\/deananddavid.com\/wp-content\/uploads\/2021\/10\/dean-david-St.-Gallen-51-scaled.jpg","width":2560,"height":1709},{"@type":"BreadcrumbList","@id":"https:\/\/deananddavid.com\/ch-de\/eroffnung-deandavid-st-gallen\/#breadcrumb","itemListElement":[{"@type":"ListItem","position":1,"name":"Startseite","item":"https:\/\/deananddavid.com\/ch-de\/"},{"@type":"ListItem","position":2,"name":"Er\u00f6ffnung dean&#038;david St. Gallen"}]},{"@type":"WebSite","@id":"https:\/\/deananddavid.com\/ch-de\/#website","url":"https:\/\/deananddavid.com\/ch-de\/","name":"dean&amp;david","description":"CHANGE FOR BETTER.","publisher":{"@id":"https:\/\/deananddavid.com\/ch-de\/#organization"},"potentialAction":[{"@type":"SearchAction","target":{"@type":"EntryPoint","urlTemplate":"https:\/\/deananddavid.com\/ch-de\/?s={search_term_string}"},"query-input":{"@type":"PropertyValueSpecification","valueRequired":true,"valueName":"search_term_string"}}],"inLanguage":"de-CH"},{"@type":"Organization","@id":"https:\/\/deananddavid.com\/ch-de\/#organization","name":"dean&david","url":"https:\/\/deananddavid.com\/ch-de\/","logo":{"@type":"ImageObject","inLanguage":"de-CH","@id":"https:\/\/deananddavid.com\/ch-de\/#\/schema\/logo\/image\/","url":"https:\/\/deananddavid.com\/wp-content\/uploads\/2017\/04\/deananddavid-superfood.png","contentUrl":"https:\/\/deananddavid.com\/wp-content\/uploads\/2017\/04\/deananddavid-superfood.png","width":150,"height":50,"caption":"dean&david"},"image":{"@id":"https:\/\/deananddavid.com\/ch-de\/#\/schema\/logo\/image\/"},"sameAs":["https:\/\/www.facebook.com\/deananddavid07","https:\/\/www.instagram.com\/dean_and_david\/"]},{"@type":"Person","@id":"https:\/\/deananddavid.com\/ch-de\/#\/schema\/person\/7159f2f65b88b1c35e40896144cef7ef","name":"viazenetti","image":{"@type":"ImageObject","inLanguage":"de-CH","@id":"https:\/\/secure.gravatar.com\/avatar\/dc898d378ad3bf692580add531d99079360ae61804241f7188fba0b4ecb45b9f?s=96&d=mm&r=g","url":"https:\/\/secure.gravatar.com\/avatar\/dc898d378ad3bf692580add531d99079360ae61804241f7188fba0b4ecb45b9f?s=96&d=mm&r=g","contentUrl":"https:\/\/secure.gravatar.com\/avatar\/dc898d378ad3bf692580add531d99079360ae61804241f7188fba0b4ecb45b9f?s=96&d=mm&r=g","caption":"viazenetti"},"url":"https:\/\/deananddavid.com\/ch-de\/author\/viazenetti\/"}]}},"_links":{"self":[{"href":"https:\/\/deananddavid.com\/ch-de\/wp-json\/wp\/v2\/posts\/60648","targetHints":{"allow":["GET"]}}],"collection":[{"href":"https:\/\/deananddavid.com\/ch-de\/wp-json\/wp\/v2\/posts"}],"about":[{"href":"https:\/\/deananddavid.com\/ch-de\/wp-json\/wp\/v2\/types\/post"}],"author":[{"embeddable":true,"href":"https:\/\/deananddavid.com\/ch-de\/wp-json\/wp\/v2\/users\/24785"}],"replies":[{"embeddable":true,"href":"https:\/\/deananddavid.com\/ch-de\/wp-json\/wp\/v2\/comments?post=60648"}],"version-history":[{"count":0,"href":"https:\/\/deananddavid.com\/ch-de\/wp-json\/wp\/v2\/posts\/60648\/revisions"}],"wp:featuredmedia":[{"embeddable":true,"href":"https:\/\/deananddavid.com\/ch-de\/wp-json\/wp\/v2\/media\/60979"}],"wp:attachment":[{"href":"https:\/\/deananddavid.com\/ch-de\/wp-json\/wp\/v2\/media?parent=60648"}],"wp:term":[{"taxonomy":"category","embeddable":true,"href":"https:\/\/deananddavid.com\/ch-de\/wp-json\/wp\/v2\/categories?post=60648"},{"taxonomy":"post_tag","embeddable":true,"href":"https:\/\/deananddavid.com\/ch-de\/wp-json\/wp\/v2\/tags?post=60648"}],"curies":[{"name":"wp","href":"https:\/\/api.w.org\/{rel}","templated":true}]}}